{"id":511,"date":"2026-09-02T23:01:49","date_gmt":"2026-09-02T23:01:49","guid":{"rendered":"https:\/\/fno.org.br\/?p=511"},"modified":"2026-09-02T23:01:51","modified_gmt":"2026-09-02T23:01:51","slug":"fno-presidente-davi-alcolumbre-garante-que-pec-02-2026-do-piso-sera-pautado-e-votado-este-ano","status":"publish","type":"post","link":"https:\/\/fno.org.br\/?p=511","title":{"rendered":"FNO: Presidente Davi Alcolumbre garante que PEC 02\/2026 do piso ser\u00e1 pautado e votado este ano"},"content":{"rendered":"\n<p><em>O compromisso foi assumido em reuni\u00e3o que contou com a presen\u00e7a da senadora Daniela Ribeiro, da Para\u00edba<\/em><\/p>\n\n\n\n<p>Representantes da FNO \u2013 Federa\u00e7\u00e3o Nacional dos Odontologistas se reuniram com o presidente do Congresso Nacional, Davi Alcolumbre, para tratar da PEC 02\/2026, referente ao piso salarial de M\u00e9dicos e Cirurgi\u00f5es-dentistas.<\/p>\n\n\n<div class=\"wp-block-image\">\n<figure class=\"alignleft size-full is-resized\"><img fetchpriority=\"high\" decoding=\"async\" width=\"720\" height=\"565\" src=\"https:\/\/fno.org.br\/wp-content\/uploads\/2026\/09\/WhatsApp-Image-2026-09-02-at-15.45.40.jpeg\" alt=\"\" class=\"wp-image-512\" style=\"aspect-ratio:1.2743806835998746;width:243px;height:auto\" srcset=\"https:\/\/fno.org.br\/wp-content\/uploads\/2026\/09\/WhatsApp-Image-2026-09-02-at-15.45.40.jpeg 720w, https:\/\/fno.org.br\/wp-content\/uploads\/2026\/09\/WhatsApp-Image-2026-09-02-at-15.45.40-300x235.jpeg 300w, https:\/\/fno.org.br\/wp-content\/uploads\/2026\/09\/WhatsApp-Image-2026-09-02-at-15.45.40-186x146.jpeg 186w, https:\/\/fno.org.br\/wp-content\/uploads\/2026\/09\/WhatsApp-Image-2026-09-02-at-15.45.40-50x39.jpeg 50w, https:\/\/fno.org.br\/wp-content\/uploads\/2026\/09\/WhatsApp-Image-2026-09-02-at-15.45.40-96x75.jpeg 96w\" sizes=\"(max-width: 720px) 100vw, 720px\" \/><\/figure>\n<\/div>\n\n\n<p>Para o presidente da FNO, David Chadid Warpechowski, a reuni\u00e3o foi bastante produtiva. \u201cO presidente do Congresso Davi Alcolumbre garantiu aos nossos representantes que a PEC 02 seguir\u00e1 para a Comiss\u00e3o de Constitui\u00e7\u00e3o e Justi\u00e7a, dando mais um passo para que seja aprovado\u201d.<\/p>\n\n\n\n<p>Warpechowski destacou que durante a reuni\u00e3o, que contou com a articula\u00e7\u00e3o e a presen\u00e7a da Senadora paraibana Daniela Ribeiro, foram apresentadas as demandas que refor\u00e7am a urg\u00eancia da valoriza\u00e7\u00e3o das categorias. \u201c\u00c9 uma luta antiga e que tem se fortalecido a cada nova vit\u00f3ria e pela uni\u00e3o dos m\u00e9dicos e cirurgi\u00f5es-dentistas\u201d.<\/p>\n\n\n<div class=\"wp-block-image\">\n<figure class=\"alignright size-large is-resized\"><img decoding=\"async\" width=\"1024\" height=\"682\" src=\"https:\/\/fno.org.br\/wp-content\/uploads\/2026\/09\/WhatsApp-Image-2026-09-02-at-08.26.37-1024x682.jpeg\" alt=\"\" class=\"wp-image-513\" style=\"aspect-ratio:1.5014741807766827;width:241px;height:auto\" srcset=\"https:\/\/fno.org.br\/wp-content\/uploads\/2026\/09\/WhatsApp-Image-2026-09-02-at-08.26.37-1024x682.jpeg 1024w, https:\/\/fno.org.br\/wp-content\/uploads\/2026\/09\/WhatsApp-Image-2026-09-02-at-08.26.37-300x200.jpeg 300w, https:\/\/fno.org.br\/wp-content\/uploads\/2026\/09\/WhatsApp-Image-2026-09-02-at-08.26.37-768x512.jpeg 768w, https:\/\/fno.org.br\/wp-content\/uploads\/2026\/09\/WhatsApp-Image-2026-09-02-at-08.26.37-219x146.jpeg 219w, https:\/\/fno.org.br\/wp-content\/uploads\/2026\/09\/WhatsApp-Image-2026-09-02-at-08.26.37-50x33.jpeg 50w, https:\/\/fno.org.br\/wp-content\/uploads\/2026\/09\/WhatsApp-Image-2026-09-02-at-08.26.37-113x75.jpeg 113w, https:\/\/fno.org.br\/wp-content\/uploads\/2026\/09\/WhatsApp-Image-2026-09-02-at-08.26.37.jpeg 1280w\" sizes=\"(max-width: 1024px) 100vw, 1024px\" \/><\/figure>\n<\/div>\n\n\n<p>De acordo com a vice-presidente da FNO, Joana Batista Oliveira Lopes , a reuni\u00e3o foi de suma import\u00e2ncia. \u201cSa\u00edmos com o compromisso do presidente Davi Alcolumbre de que a PEC 02 ser\u00e1 pautada e finalizada ainda este ano\u201d, pontuou.<\/p>\n\n\n\n<p>Por meio da PEC 02\/2026, o piso salarial deve ser inserido na Constitui\u00e7\u00e3o Federal, validando assim o PL 1.365\/22.<\/p>\n","protected":false},"excerpt":{"rendered":"<p>O compromisso foi assumido em reuni\u00e3o que contou com a presen\u00e7a da senadora Daniela Ribeiro, da Para\u00edba Representantes da FNO \u2013 Federa\u00e7\u00e3o Nacional dos Odontologistas se<span class=\"excerpt-hellip\"> [\u2026]<\/span><\/p>\n","protected":false},"author":2,"featured_media":513,"comment_status":"open","ping_status":"open","sticky":false,"template":"","format":"standard","meta":{"footnotes":""},"categories":[3,5,4],"tags":[],"class_list":["post-511","post","type-post","status-publish","format-standard","has-post-thumbnail","hentry","category-fno","category-institucional","category-sindicatos"],"_links":{"self":[{"href":"https:\/\/fno.org.br\/index.php?rest_route=\/wp\/v2\/posts\/511","targetHints":{"allow":["GET"]}}],"collection":[{"href":"https:\/\/fno.org.br\/index.php?rest_route=\/wp\/v2\/posts"}],"about":[{"href":"https:\/\/fno.org.br\/index.php?rest_route=\/wp\/v2\/types\/post"}],"author":[{"embeddable":true,"href":"https:\/\/fno.org.br\/index.php?rest_route=\/wp\/v2\/users\/2"}],"replies":[{"embeddable":true,"href":"https:\/\/fno.org.br\/index.php?rest_route=%2Fwp%2Fv2%2Fcomments&post=511"}],"version-history":[{"count":1,"href":"https:\/\/fno.org.br\/index.php?rest_route=\/wp\/v2\/posts\/511\/revisions"}],"predecessor-version":[{"id":514,"href":"https:\/\/fno.org.br\/index.php?rest_route=\/wp\/v2\/posts\/511\/revisions\/514"}],"wp:featuredmedia":[{"embeddable":true,"href":"https:\/\/fno.org.br\/index.php?rest_route=\/wp\/v2\/media\/513"}],"wp:attachment":[{"href":"https:\/\/fno.org.br\/index.php?rest_route=%2Fwp%2Fv2%2Fmedia&parent=511"}],"wp:term":[{"taxonomy":"category","embeddable":true,"href":"https:\/\/fno.org.br\/index.php?rest_route=%2Fwp%2Fv2%2Fcategories&post=511"},{"taxonomy":"post_tag","embeddable":true,"href":"https:\/\/fno.org.br\/index.php?rest_route=%2Fwp%2Fv2%2Ftags&post=511"}],"curies":[{"name":"wp","href":"https:\/\/api.w.org\/{rel}","templated":true}]}}