{"id":48,"date":"2017-11-30T10:24:03","date_gmt":"2017-11-30T10:24:03","guid":{"rendered":"http:\/\/themes.muffingroup.com\/be\/employment\/?p=48"},"modified":"2026-03-27T15:31:01","modified_gmt":"2026-03-27T15:31:01","slug":"praesent-sit-amet-turpis-curabitur-lorem","status":"publish","type":"post","link":"https:\/\/fno.org.br\/?p=48","title":{"rendered":"FNO reuniu-se com presidente do Senado para falar sobre o PL 1365"},"content":{"rendered":"\n<p>O presidente do Senado, Rodrigo Pacheco, reuniu-se com lideran\u00e7as da odontologia e medicina, em Campina Grande, para dizer que o PL 1365\/22, que institui o sal\u00e1rio m\u00ednimo profissional nacional de cirurgi\u00f5es-dentistas e m\u00e9dicos, ter\u00e1 toda aten\u00e7\u00e3o da presid\u00eancia do Senado. \u201cEspero d\u00e1 uma boa uma resposta \u00e0 categoria\u201d, ressaltou Rodrigo, que participou da reuni\u00e3o atendendo a um convite da senadora Daniella Ribeiro (PB), autora do PL.<br><br>\u201cPromovi o encontro com o presidente do Senado, Rodrigo Pacheco, a pedido de representantes das categorias, que puderam expor suas demandas. Dignidade e reconhecimento salariais com os que trabalham com a Sa\u00fade do nosso pa\u00eds, \u00e9 o que queremos\u201d, destacou Daniella, nas suas redes sociais.<br><br>Para o presidente da FNO, Ailton Coelho, a forma como Rodrigo Pacheco acolheu a proposta foi um ponta p\u00e9 importante, juntamente com todo o empenho da senadora Daniella Ribeiro. \u201cEm menos de um m\u00eas, o PL j\u00e1 demonstrou articula\u00e7\u00e3o e for\u00e7a entre os senadores e a categoria. Agora e press\u00e3o para que possa ser aprovado com celeridade\u201d, afirmou Ailton Coelho.<br><br>Al\u00e9m do presidente do Senado e da senadora Daniella Ribeiro, participou da reuni\u00e3o o senador Veneziano Rego (PB). Pela FNO, tamb\u00e9m estiveram presentes seus diretores Carlos Canto, Ubirat\u00e3 Pinto e a ex-presidente e atual presidente do Sindicato dos Odontologistas da Para\u00edba, Joana Batista.<\/p>\n","protected":false},"excerpt":{"rendered":"<p>O presidente do Senado, Rodrigo Pacheco, reuniu-se com lideran\u00e7as da odontologia e medicina, em Campina Grande, para dizer que o PL 1365\/22, que institui o sal\u00e1rio<span class=\"excerpt-hellip\"> [\u2026]<\/span><\/p>\n","protected":false},"author":1,"featured_media":171,"comment_status":"open","ping_status":"open","sticky":false,"template":"","format":"standard","meta":{"footnotes":""},"categories":[3],"tags":[],"class_list":["post-48","post","type-post","status-publish","format-standard","has-post-thumbnail","hentry","category-fno"],"_links":{"self":[{"href":"https:\/\/fno.org.br\/index.php?rest_route=\/wp\/v2\/posts\/48","targetHints":{"allow":["GET"]}}],"collection":[{"href":"https:\/\/fno.org.br\/index.php?rest_route=\/wp\/v2\/posts"}],"about":[{"href":"https:\/\/fno.org.br\/index.php?rest_route=\/wp\/v2\/types\/post"}],"author":[{"embeddable":true,"href":"https:\/\/fno.org.br\/index.php?rest_route=\/wp\/v2\/users\/1"}],"replies":[{"embeddable":true,"href":"https:\/\/fno.org.br\/index.php?rest_route=%2Fwp%2Fv2%2Fcomments&post=48"}],"version-history":[{"count":2,"href":"https:\/\/fno.org.br\/index.php?rest_route=\/wp\/v2\/posts\/48\/revisions"}],"predecessor-version":[{"id":367,"href":"https:\/\/fno.org.br\/index.php?rest_route=\/wp\/v2\/posts\/48\/revisions\/367"}],"wp:featuredmedia":[{"embeddable":true,"href":"https:\/\/fno.org.br\/index.php?rest_route=\/wp\/v2\/media\/171"}],"wp:attachment":[{"href":"https:\/\/fno.org.br\/index.php?rest_route=%2Fwp%2Fv2%2Fmedia&parent=48"}],"wp:term":[{"taxonomy":"category","embeddable":true,"href":"https:\/\/fno.org.br\/index.php?rest_route=%2Fwp%2Fv2%2Fcategories&post=48"},{"taxonomy":"post_tag","embeddable":true,"href":"https:\/\/fno.org.br\/index.php?rest_route=%2Fwp%2Fv2%2Ftags&post=48"}],"curies":[{"name":"wp","href":"https:\/\/api.w.org\/{rel}","templated":true}]}}