{"id":421,"date":"2026-04-30T14:55:03","date_gmt":"2026-04-30T14:55:03","guid":{"rendered":"https:\/\/fno.org.br\/?p=421"},"modified":"2026-04-30T14:55:05","modified_gmt":"2026-04-30T14:55:05","slug":"em-brasilia-presidente-da-fno-participa-de-reuniao-da-camara-tecnica-da-cirtes-e-na-ciaspp","status":"publish","type":"post","link":"https:\/\/fno.org.br\/?p=421","title":{"rendered":"Em Bras\u00edlia, presidente da FNO participa de reuni\u00e3o da C\u00e2mara T\u00e9cnica da CIRTES e na CIASPP"},"content":{"rendered":"\n<p>O presidente da FNO \u2013 Federa\u00e7\u00e3o Nacional dos Odontologistas, David Chadid Warpechowski, participou em Bras\u00edlia \u2013 DF da reuni\u00e3o da C\u00e2mara T\u00e9cnica da CIRTES \u2013 Comiss\u00e3o Intersetorial de Rela\u00e7\u00e3o de Trabalho e Educa\u00e7\u00e3o na Sa\u00fade e na CIASPP \u2013 Comiss\u00e3o Intersetorial de Aten\u00e7\u00e3o \u00e0 Sa\u00fade de Pessoas com Patologias, do Conselho Nacional de Sa\u00fade.<\/p>\n\n\n\n<p>Durante a reuni\u00e3o da C\u00e2mara T\u00e9cnica da CIRTES, os presentes trataram de diversos assuntos, entre eles a atualiza\u00e7\u00e3o da NR1, que torna obrigat\u00f3ria a gest\u00e3o de riscos psicossociais no PGR \u2013 Programa de Gerenciamento de Riscos.<\/p>\n\n\n<div class=\"wp-block-image\">\n<figure class=\"aligncenter size-large is-resized\"><img fetchpriority=\"high\" decoding=\"async\" width=\"1024\" height=\"683\" src=\"https:\/\/fno.org.br\/wp-content\/uploads\/2026\/04\/55235297125_98fa83eee4_h-1024x683.jpg\" alt=\"\" class=\"wp-image-422\" style=\"aspect-ratio:1.4995397617918607;width:508px;height:auto\" srcset=\"https:\/\/fno.org.br\/wp-content\/uploads\/2026\/04\/55235297125_98fa83eee4_h-1024x683.jpg 1024w, https:\/\/fno.org.br\/wp-content\/uploads\/2026\/04\/55235297125_98fa83eee4_h-300x200.jpg 300w, https:\/\/fno.org.br\/wp-content\/uploads\/2026\/04\/55235297125_98fa83eee4_h-768x512.jpg 768w, https:\/\/fno.org.br\/wp-content\/uploads\/2026\/04\/55235297125_98fa83eee4_h-1536x1024.jpg 1536w, https:\/\/fno.org.br\/wp-content\/uploads\/2026\/04\/55235297125_98fa83eee4_h-219x146.jpg 219w, https:\/\/fno.org.br\/wp-content\/uploads\/2026\/04\/55235297125_98fa83eee4_h-50x33.jpg 50w, https:\/\/fno.org.br\/wp-content\/uploads\/2026\/04\/55235297125_98fa83eee4_h-112x75.jpg 112w, https:\/\/fno.org.br\/wp-content\/uploads\/2026\/04\/55235297125_98fa83eee4_h.jpg 1600w\" sizes=\"(max-width: 1024px) 100vw, 1024px\" \/><figcaption class=\"wp-element-caption\"><strong><em>Foto CNS<\/em><\/strong><\/figcaption><\/figure>\n<\/div>\n\n\n<p>Warpechowski destacou que a pauta tratou de pontos como forma\u00e7\u00e3o, carreiras e demandas sociais. \u201cTemos participado de todas as reuni\u00f5es e entendemos a import\u00e2ncia da presen\u00e7a da FNO, levando os debates para a valoriza\u00e7\u00e3o e os interesses da Odontologia\u201d.<\/p>\n\n\n\n<p>CIASPP<br>J\u00e1 na CIASPP, a pauta trouxe assuntos como a participa\u00e7\u00e3o da Comiss\u00e3o nos GTs do Minist\u00e9rio da Sa\u00fade e o panorama conjuntural e monitoramento da pol\u00edtica nacional de aten\u00e7\u00e3o integral \u00e0s pessoas com doen\u00e7as raras.<\/p>\n\n\n\n<p>O presidente da FNO refor\u00e7ou a import\u00e2ncia das comiss\u00f5es e a participa\u00e7\u00e3o da federa\u00e7\u00e3o, como representa\u00e7\u00e3o da Odontologia. \u201c\u00c9 fundamental que a Odontologia fa\u00e7a parte de todas as discuss\u00f5es que envolvam a sa\u00fade p\u00fablica em nosso pa\u00eds e a Federa\u00e7\u00e3o quer n\u00e3o s\u00f3 participar, como levar as solu\u00e7\u00f5es para que a popula\u00e7\u00e3o tenha cada vez mais atendimento de qualidade e a profiss\u00e3o seja sempre valorizada e reconhecida\u201d.<\/p>\n\n\n<div class=\"wp-block-image\">\n<figure class=\"aligncenter size-large is-resized\"><img decoding=\"async\" width=\"1024\" height=\"683\" src=\"https:\/\/fno.org.br\/wp-content\/uploads\/2026\/04\/55235296960_b7fa06cb5e_h-1024x683.jpg\" alt=\"\" class=\"wp-image-423\" style=\"aspect-ratio:1.4992888417882142;width:495px;height:auto\" srcset=\"https:\/\/fno.org.br\/wp-content\/uploads\/2026\/04\/55235296960_b7fa06cb5e_h-1024x683.jpg 1024w, https:\/\/fno.org.br\/wp-content\/uploads\/2026\/04\/55235296960_b7fa06cb5e_h-300x200.jpg 300w, https:\/\/fno.org.br\/wp-content\/uploads\/2026\/04\/55235296960_b7fa06cb5e_h-768x512.jpg 768w, https:\/\/fno.org.br\/wp-content\/uploads\/2026\/04\/55235296960_b7fa06cb5e_h-1536x1024.jpg 1536w, https:\/\/fno.org.br\/wp-content\/uploads\/2026\/04\/55235296960_b7fa06cb5e_h-219x146.jpg 219w, https:\/\/fno.org.br\/wp-content\/uploads\/2026\/04\/55235296960_b7fa06cb5e_h-50x33.jpg 50w, https:\/\/fno.org.br\/wp-content\/uploads\/2026\/04\/55235296960_b7fa06cb5e_h-112x75.jpg 112w, https:\/\/fno.org.br\/wp-content\/uploads\/2026\/04\/55235296960_b7fa06cb5e_h.jpg 1600w\" sizes=\"(max-width: 1024px) 100vw, 1024px\" \/><figcaption class=\"wp-element-caption\">Foto C<strong><em>NS<\/em><\/strong><\/figcaption><\/figure>\n<\/div>","protected":false},"excerpt":{"rendered":"<p>O presidente da FNO \u2013 Federa\u00e7\u00e3o Nacional dos Odontologistas, David Chadid Warpechowski, participou em Bras\u00edlia \u2013 DF da reuni\u00e3o da C\u00e2mara T\u00e9cnica da CIRTES \u2013 Comiss\u00e3o<span class=\"excerpt-hellip\"> [\u2026]<\/span><\/p>\n","protected":false},"author":2,"featured_media":422,"comment_status":"open","ping_status":"open","sticky":false,"template":"","format":"standard","meta":{"footnotes":""},"categories":[3,5,4],"tags":[],"class_list":["post-421","post","type-post","status-publish","format-standard","has-post-thumbnail","hentry","category-fno","category-institucional","category-sindicatos"],"_links":{"self":[{"href":"https:\/\/fno.org.br\/index.php?rest_route=\/wp\/v2\/posts\/421","targetHints":{"allow":["GET"]}}],"collection":[{"href":"https:\/\/fno.org.br\/index.php?rest_route=\/wp\/v2\/posts"}],"about":[{"href":"https:\/\/fno.org.br\/index.php?rest_route=\/wp\/v2\/types\/post"}],"author":[{"embeddable":true,"href":"https:\/\/fno.org.br\/index.php?rest_route=\/wp\/v2\/users\/2"}],"replies":[{"embeddable":true,"href":"https:\/\/fno.org.br\/index.php?rest_route=%2Fwp%2Fv2%2Fcomments&post=421"}],"version-history":[{"count":1,"href":"https:\/\/fno.org.br\/index.php?rest_route=\/wp\/v2\/posts\/421\/revisions"}],"predecessor-version":[{"id":424,"href":"https:\/\/fno.org.br\/index.php?rest_route=\/wp\/v2\/posts\/421\/revisions\/424"}],"wp:featuredmedia":[{"embeddable":true,"href":"https:\/\/fno.org.br\/index.php?rest_route=\/wp\/v2\/media\/422"}],"wp:attachment":[{"href":"https:\/\/fno.org.br\/index.php?rest_route=%2Fwp%2Fv2%2Fmedia&parent=421"}],"wp:term":[{"taxonomy":"category","embeddable":true,"href":"https:\/\/fno.org.br\/index.php?rest_route=%2Fwp%2Fv2%2Fcategories&post=421"},{"taxonomy":"post_tag","embeddable":true,"href":"https:\/\/fno.org.br\/index.php?rest_route=%2Fwp%2Fv2%2Ftags&post=421"}],"curies":[{"name":"wp","href":"https:\/\/api.w.org\/{rel}","templated":true}]}}