{"id":417,"date":"2026-04-30T14:41:18","date_gmt":"2026-04-30T14:41:18","guid":{"rendered":"https:\/\/fno.org.br\/?p=417"},"modified":"2026-04-30T14:41:41","modified_gmt":"2026-04-30T14:41:41","slug":"texto-4presidente-da-fno-e-presidente-do-cro-df-se-reunem-para-discutir-autonomia-da-prescricao-medicamentosa","status":"publish","type":"post","link":"https:\/\/fno.org.br\/?p=417","title":{"rendered":"Presidente da FNO e presidente do CRO DF se re\u00fanem para discutir autonomia da prescri\u00e7\u00e3o medicamentosa"},"content":{"rendered":"\n<p>Em Bras\u00edlia \u2013 DF para cumprir diversas agendas, o presidente da FNO \u2013 Federa\u00e7\u00e3o Nacional dos Odontologistas, David Chadid Warpechowski, se reuniu com o presidente do CRO DF, Arlindo Castro.<\/p>\n\n\n\n<p>De acordo com o presidente da FNO, o encontro foi bastante produtivo. \u201cTivemos a oportunidade de conversar sobre alguns assuntos, mas o principal foi a autonomia da prescri\u00e7\u00e3o medicamentosa pelos cirurgi\u00f5es-dentistas\u201d.<\/p>\n\n\n\n<p>Warpechowski destacou que a FNO j\u00e1 encaminhou ao Conselho Federal de Odontologia documento abordando o tema. \u201cQueremos ampliar a discuss\u00e3o e fortalecer o tema, que \u00e9 de suma relev\u00e2ncia para os profissionais de odontologia de todo o Brasil\u201d.<\/p>\n\n\n<div class=\"wp-block-image\">\n<figure class=\"alignleft size-full is-resized\"><img fetchpriority=\"high\" decoding=\"async\" width=\"720\" height=\"582\" src=\"https:\/\/fno.org.br\/wp-content\/uploads\/2026\/04\/WhatsApp-Image-2026-04-30-at-10.39.37.jpeg\" alt=\"\" class=\"wp-image-418\" style=\"aspect-ratio:1.2371409485637943;width:259px;height:auto\" srcset=\"https:\/\/fno.org.br\/wp-content\/uploads\/2026\/04\/WhatsApp-Image-2026-04-30-at-10.39.37.jpeg 720w, https:\/\/fno.org.br\/wp-content\/uploads\/2026\/04\/WhatsApp-Image-2026-04-30-at-10.39.37-300x243.jpeg 300w, https:\/\/fno.org.br\/wp-content\/uploads\/2026\/04\/WhatsApp-Image-2026-04-30-at-10.39.37-181x146.jpeg 181w, https:\/\/fno.org.br\/wp-content\/uploads\/2026\/04\/WhatsApp-Image-2026-04-30-at-10.39.37-50x40.jpeg 50w, https:\/\/fno.org.br\/wp-content\/uploads\/2026\/04\/WhatsApp-Image-2026-04-30-at-10.39.37-93x75.jpeg 93w\" sizes=\"(max-width: 720px) 100vw, 720px\" \/><\/figure>\n<\/div>\n\n\n<p>\u201cEncaminhamos o documento para o CFO, pois entendemos que \u00e9 uma quest\u00e3o urgente e leg\u00edtima para a Odontologia. Agora estamos trazendo esse importante tema para que o presidente Arlindo Castro possa contribuir neste amplo debate t\u00e9cnico\u201d, pontuou Warpechowski.<\/p>\n\n\n\n<p>O presidente da FNO ressaltou a necessidade do CRO DF ter conhecimento da solicita\u00e7\u00e3o. \u201cTenho certeza que contaremos com a parceria do presidente do CRO DF para juntos levarmos a urg\u00eancia dessa quest\u00e3o, que faz parte do cotidiano do profissional de Odontologia\u201d.<\/p>\n","protected":false},"excerpt":{"rendered":"<p>Em Bras\u00edlia \u2013 DF para cumprir diversas agendas, o presidente da FNO \u2013 Federa\u00e7\u00e3o Nacional dos Odontologistas, David Chadid Warpechowski, se reuniu com o presidente do<span class=\"excerpt-hellip\"> [\u2026]<\/span><\/p>\n","protected":false},"author":2,"featured_media":418,"comment_status":"open","ping_status":"open","sticky":false,"template":"","format":"standard","meta":{"footnotes":""},"categories":[3,5,4],"tags":[],"class_list":["post-417","post","type-post","status-publish","format-standard","has-post-thumbnail","hentry","category-fno","category-institucional","category-sindicatos"],"_links":{"self":[{"href":"https:\/\/fno.org.br\/index.php?rest_route=\/wp\/v2\/posts\/417","targetHints":{"allow":["GET"]}}],"collection":[{"href":"https:\/\/fno.org.br\/index.php?rest_route=\/wp\/v2\/posts"}],"about":[{"href":"https:\/\/fno.org.br\/index.php?rest_route=\/wp\/v2\/types\/post"}],"author":[{"embeddable":true,"href":"https:\/\/fno.org.br\/index.php?rest_route=\/wp\/v2\/users\/2"}],"replies":[{"embeddable":true,"href":"https:\/\/fno.org.br\/index.php?rest_route=%2Fwp%2Fv2%2Fcomments&post=417"}],"version-history":[{"count":2,"href":"https:\/\/fno.org.br\/index.php?rest_route=\/wp\/v2\/posts\/417\/revisions"}],"predecessor-version":[{"id":420,"href":"https:\/\/fno.org.br\/index.php?rest_route=\/wp\/v2\/posts\/417\/revisions\/420"}],"wp:featuredmedia":[{"embeddable":true,"href":"https:\/\/fno.org.br\/index.php?rest_route=\/wp\/v2\/media\/418"}],"wp:attachment":[{"href":"https:\/\/fno.org.br\/index.php?rest_route=%2Fwp%2Fv2%2Fmedia&parent=417"}],"wp:term":[{"taxonomy":"category","embeddable":true,"href":"https:\/\/fno.org.br\/index.php?rest_route=%2Fwp%2Fv2%2Fcategories&post=417"},{"taxonomy":"post_tag","embeddable":true,"href":"https:\/\/fno.org.br\/index.php?rest_route=%2Fwp%2Fv2%2Ftags&post=417"}],"curies":[{"name":"wp","href":"https:\/\/api.w.org\/{rel}","templated":true}]}}