{"id":431,"date":"2026-04-30T22:05:32","date_gmt":"2026-04-30T22:05:32","guid":{"rendered":"https:\/\/fno.org.br\/?p=431"},"modified":"2026-04-30T22:05:34","modified_gmt":"2026-04-30T22:05:34","slug":"fno-agradece-a-atuacao-do-senador-efrain-filho","status":"publish","type":"post","link":"http:\/\/fno.org.br\/?p=431","title":{"rendered":"FNO agradece a atua\u00e7\u00e3o do Senador Efrain Filho"},"content":{"rendered":"\n<p>O Senador paraibano Efrain Filho, recebeu os agradecimentos dos Odontologistas, por sua atua\u00e7\u00e3o e por ter assinado a PEC n\u00ba02\/2026, que prop\u00f5e a inclus\u00e3o de m\u00e9dicos e cirurgi\u00f5es-dentistas entre os profissionais da sa\u00fade com direito a piso salarial nacional, abrangendo entidades p\u00fablicas e privadas.<\/p>\n\n\n<div class=\"wp-block-image\">\n<figure class=\"aligncenter size-large is-resized\"><img fetchpriority=\"high\" decoding=\"async\" width=\"1024\" height=\"601\" src=\"https:\/\/fno.org.br\/wp-content\/uploads\/2026\/04\/WhatsApp-Image-2026-04-30-at-18.04.03-1024x601.jpeg\" alt=\"\" class=\"wp-image-432\" style=\"aspect-ratio:1.704556263673547;width:557px;height:auto\" srcset=\"http:\/\/fno.org.br\/wp-content\/uploads\/2026\/04\/WhatsApp-Image-2026-04-30-at-18.04.03-1024x601.jpeg 1024w, http:\/\/fno.org.br\/wp-content\/uploads\/2026\/04\/WhatsApp-Image-2026-04-30-at-18.04.03-300x176.jpeg 300w, http:\/\/fno.org.br\/wp-content\/uploads\/2026\/04\/WhatsApp-Image-2026-04-30-at-18.04.03-768x451.jpeg 768w, http:\/\/fno.org.br\/wp-content\/uploads\/2026\/04\/WhatsApp-Image-2026-04-30-at-18.04.03-249x146.jpeg 249w, http:\/\/fno.org.br\/wp-content\/uploads\/2026\/04\/WhatsApp-Image-2026-04-30-at-18.04.03-50x29.jpeg 50w, http:\/\/fno.org.br\/wp-content\/uploads\/2026\/04\/WhatsApp-Image-2026-04-30-at-18.04.03-128x75.jpeg 128w, http:\/\/fno.org.br\/wp-content\/uploads\/2026\/04\/WhatsApp-Image-2026-04-30-at-18.04.03.jpeg 1171w\" sizes=\"(max-width: 1024px) 100vw, 1024px\" \/><\/figure>\n<\/div>\n\n\n<p>O presidente da FNO \u2013 Federa\u00e7\u00e3o Nacional dos Odontologistas, David Chadid Warpechowski, ressaltou o apoio do Senador pela Para\u00edba. \u201cCom o seu apoio, com certeza n\u00f3s iremos conseguir esse benef\u00edcio hist\u00f3rico para essas categorias e para sa\u00fade da popula\u00e7\u00e3o, em \u00e2mbito nacional\u201d.<\/p>\n\n\n\n<p>Senador Efraim Filho declarou seu apoio a essa proposta que visa valorizar m\u00e9dicos e cirurgi\u00f5es-dentistas. \u201cContem comigo, \u00e9 uma quest\u00e3o de justi\u00e7a e de compromisso. A categoria merece, votei a favor do piso dos ACS, votei a favor do piso da Enfermagem e os Odont\u00f3logos merecem tamb\u00e9m o meu reconhecimento, o meu voto e o meu apoio\u201d.<\/p>\n\n\n\n<p>Warpechowski enfocou que a Federa\u00e7\u00e3o segue trabalhando na articula\u00e7\u00e3o para que a PEC receba a vota\u00e7\u00e3o necess\u00e1ria e que haja o entendimento dos parlamentares quanto \u00e0 urg\u00eancia e a import\u00e2ncia.<\/p>\n","protected":false},"excerpt":{"rendered":"<p>O Senador paraibano Efrain Filho, recebeu os agradecimentos dos Odontologistas, por sua atua\u00e7\u00e3o e por ter assinado a PEC n\u00ba02\/2026, que prop\u00f5e a inclus\u00e3o de m\u00e9dicos<span class=\"excerpt-hellip\"> [\u2026]<\/span><\/p>\n","protected":false},"author":2,"featured_media":432,"comment_status":"open","ping_status":"open","sticky":false,"template":"","format":"standard","meta":{"footnotes":""},"categories":[3,5,4],"tags":[],"class_list":["post-431","post","type-post","status-publish","format-standard","has-post-thumbnail","hentry","category-fno","category-institucional","category-sindicatos"],"_links":{"self":[{"href":"http:\/\/fno.org.br\/index.php?rest_route=\/wp\/v2\/posts\/431","targetHints":{"allow":["GET"]}}],"collection":[{"href":"http:\/\/fno.org.br\/index.php?rest_route=\/wp\/v2\/posts"}],"about":[{"href":"http:\/\/fno.org.br\/index.php?rest_route=\/wp\/v2\/types\/post"}],"author":[{"embeddable":true,"href":"http:\/\/fno.org.br\/index.php?rest_route=\/wp\/v2\/users\/2"}],"replies":[{"embeddable":true,"href":"http:\/\/fno.org.br\/index.php?rest_route=%2Fwp%2Fv2%2Fcomments&post=431"}],"version-history":[{"count":1,"href":"http:\/\/fno.org.br\/index.php?rest_route=\/wp\/v2\/posts\/431\/revisions"}],"predecessor-version":[{"id":433,"href":"http:\/\/fno.org.br\/index.php?rest_route=\/wp\/v2\/posts\/431\/revisions\/433"}],"wp:featuredmedia":[{"embeddable":true,"href":"http:\/\/fno.org.br\/index.php?rest_route=\/wp\/v2\/media\/432"}],"wp:attachment":[{"href":"http:\/\/fno.org.br\/index.php?rest_route=%2Fwp%2Fv2%2Fmedia&parent=431"}],"wp:term":[{"taxonomy":"category","embeddable":true,"href":"http:\/\/fno.org.br\/index.php?rest_route=%2Fwp%2Fv2%2Fcategories&post=431"},{"taxonomy":"post_tag","embeddable":true,"href":"http:\/\/fno.org.br\/index.php?rest_route=%2Fwp%2Fv2%2Ftags&post=431"}],"curies":[{"name":"wp","href":"https:\/\/api.w.org\/{rel}","templated":true}]}}