{"id":428,"date":"2026-04-30T20:41:17","date_gmt":"2026-04-30T20:41:17","guid":{"rendered":"https:\/\/fno.org.br\/?p=428"},"modified":"2026-04-30T20:41:19","modified_gmt":"2026-04-30T20:41:19","slug":"fno-agradece-o-apoio-e-o-empenho-do-senador-nelsinho-trad-sobre-o-piso-salarial","status":"publish","type":"post","link":"http:\/\/fno.org.br\/?p=428","title":{"rendered":"FNO agradece o apoio e o empenho do Senador Nelsinho Trad sobre o piso salarial"},"content":{"rendered":"\n<p>Representantes da FNO \u2013 Federa\u00e7\u00e3o Nacional de Odontologistas estiveram no gabinete do Senador por Mato Grosso do Sul, Nelson Trad Filho, para em nome do presidente da Federa\u00e7\u00e3o agradecer todo o apoio recebido.<\/p>\n\n\n<div class=\"wp-block-image\">\n<figure class=\"aligncenter size-large is-resized\"><img fetchpriority=\"high\" decoding=\"async\" width=\"1024\" height=\"607\" src=\"https:\/\/fno.org.br\/wp-content\/uploads\/2026\/04\/WhatsApp-Image-2026-04-30-at-16.40.32-1024x607.jpeg\" alt=\"\" class=\"wp-image-429\" style=\"aspect-ratio:1.6862179286117558;width:477px;height:auto\" srcset=\"http:\/\/fno.org.br\/wp-content\/uploads\/2026\/04\/WhatsApp-Image-2026-04-30-at-16.40.32-1024x607.jpeg 1024w, http:\/\/fno.org.br\/wp-content\/uploads\/2026\/04\/WhatsApp-Image-2026-04-30-at-16.40.32-300x178.jpeg 300w, http:\/\/fno.org.br\/wp-content\/uploads\/2026\/04\/WhatsApp-Image-2026-04-30-at-16.40.32-768x455.jpeg 768w, http:\/\/fno.org.br\/wp-content\/uploads\/2026\/04\/WhatsApp-Image-2026-04-30-at-16.40.32-246x146.jpeg 246w, http:\/\/fno.org.br\/wp-content\/uploads\/2026\/04\/WhatsApp-Image-2026-04-30-at-16.40.32-50x30.jpeg 50w, http:\/\/fno.org.br\/wp-content\/uploads\/2026\/04\/WhatsApp-Image-2026-04-30-at-16.40.32-126x75.jpeg 126w, http:\/\/fno.org.br\/wp-content\/uploads\/2026\/04\/WhatsApp-Image-2026-04-30-at-16.40.32.jpeg 1123w\" sizes=\"(max-width: 1024px) 100vw, 1024px\" \/><\/figure>\n<\/div>\n\n\n<p>Na ocasi\u00e3o, o Senador Nelson Trad destacou o trabalho da Federa\u00e7\u00e3o Nacional de Odontologistas, que o conscientizou sobre a import\u00e2ncia da atualiza\u00e7\u00e3o do piso nacional dos cirurgi\u00f5es-dentistas.<\/p>\n\n\n\n<p>Joana Batista Oliveira Lopes, da diretoria da FNO, agradeceu em nome de todos os dentistas do Brasil. \u201cS\u00f3 temos que agradec\u00ea-lo, porque realmente esse projeto \u00e9 o Projeto de Lei que restabelece o direito e a justi\u00e7a\u201d.<\/p>\n\n\n\n<p>O presidente da FNO, David Chadid Warpechowski, que \u00e9 do mesmo estado que o Senador Nelson Trad e que no hor\u00e1rio cumpria outra agenda, agradeceu e destacou a import\u00e2ncia da atua\u00e7\u00e3o do parlamentar. \u201cAgradecemos todo o trabalho do Senador, fortalecendo a nossa luta e ressaltando a atua\u00e7\u00e3o de Mato Grosso do Sul no cen\u00e1rio nacional e de forma especial na sa\u00fade brasileira\u201d<\/p>\n","protected":false},"excerpt":{"rendered":"<p>Representantes da FNO \u2013 Federa\u00e7\u00e3o Nacional de Odontologistas estiveram no gabinete do Senador por Mato Grosso do Sul, Nelson Trad Filho, para em nome do presidente<span class=\"excerpt-hellip\"> [\u2026]<\/span><\/p>\n","protected":false},"author":2,"featured_media":429,"comment_status":"open","ping_status":"open","sticky":false,"template":"","format":"standard","meta":{"footnotes":""},"categories":[3,5,4],"tags":[],"class_list":["post-428","post","type-post","status-publish","format-standard","has-post-thumbnail","hentry","category-fno","category-institucional","category-sindicatos"],"_links":{"self":[{"href":"http:\/\/fno.org.br\/index.php?rest_route=\/wp\/v2\/posts\/428","targetHints":{"allow":["GET"]}}],"collection":[{"href":"http:\/\/fno.org.br\/index.php?rest_route=\/wp\/v2\/posts"}],"about":[{"href":"http:\/\/fno.org.br\/index.php?rest_route=\/wp\/v2\/types\/post"}],"author":[{"embeddable":true,"href":"http:\/\/fno.org.br\/index.php?rest_route=\/wp\/v2\/users\/2"}],"replies":[{"embeddable":true,"href":"http:\/\/fno.org.br\/index.php?rest_route=%2Fwp%2Fv2%2Fcomments&post=428"}],"version-history":[{"count":1,"href":"http:\/\/fno.org.br\/index.php?rest_route=\/wp\/v2\/posts\/428\/revisions"}],"predecessor-version":[{"id":430,"href":"http:\/\/fno.org.br\/index.php?rest_route=\/wp\/v2\/posts\/428\/revisions\/430"}],"wp:featuredmedia":[{"embeddable":true,"href":"http:\/\/fno.org.br\/index.php?rest_route=\/wp\/v2\/media\/429"}],"wp:attachment":[{"href":"http:\/\/fno.org.br\/index.php?rest_route=%2Fwp%2Fv2%2Fmedia&parent=428"}],"wp:term":[{"taxonomy":"category","embeddable":true,"href":"http:\/\/fno.org.br\/index.php?rest_route=%2Fwp%2Fv2%2Fcategories&post=428"},{"taxonomy":"post_tag","embeddable":true,"href":"http:\/\/fno.org.br\/index.php?rest_route=%2Fwp%2Fv2%2Ftags&post=428"}],"curies":[{"name":"wp","href":"https:\/\/api.w.org\/{rel}","templated":true}]}}