{"id":425,"date":"2026-04-30T20:34:19","date_gmt":"2026-04-30T20:34:19","guid":{"rendered":"https:\/\/fno.org.br\/?p=425"},"modified":"2026-04-30T20:34:21","modified_gmt":"2026-04-30T20:34:21","slug":"fno-fio-e-representantes-de-sindicatos-se-reunem-com-o-senador-marcelo-castro","status":"publish","type":"post","link":"http:\/\/fno.org.br\/?p=425","title":{"rendered":"FNO, FIO e representantes de sindicatos se re\u00fanem com o Senador Marcelo Castro"},"content":{"rendered":"\n<p>A reuni\u00e3o tratou do Projeto de Lei n\u00ba1365\/2022, que modifica o sal\u00e1rio-m\u00ednimo dos m\u00e9dicos e cirurgi\u00f5es-dentistas<\/p>\n\n\n\n<p>O presidente da FNO \u2013 Federa\u00e7\u00e3o Nacional do Odontologistas, David Chadid Warpechowski, juntamente com sua diretoria, sindicatos filiados e representante da FIO \u2013 Federa\u00e7\u00e3o Internacional dos Odontologistas se reuniram com o Senador Marcelo Castro, presidente da CAS \u2013 Comiss\u00e3o de Assuntos Sociais<\/p>\n\n\n\n<p>O Presidente da FNO esteve com diretoria, sindicatos filiados e representante da FIO (Federa\u00e7\u00e3o Interestadual dos Odontologistas), com o senador Marcelo Castro, presidente da CAS &#8211; Comiss\u00e3o de Assuntos Sociais, para tratar do PL n\u00ba1365\/2022.<\/p>\n\n\n<div class=\"wp-block-image\">\n<figure class=\"aligncenter size-large is-resized\"><img fetchpriority=\"high\" decoding=\"async\" width=\"1024\" height=\"768\" src=\"https:\/\/fno.org.br\/wp-content\/uploads\/2026\/04\/WhatsApp-Image-2026-04-29-at-09.45.58-1-1024x768.jpeg\" alt=\"\" class=\"wp-image-426\" style=\"width:316px;height:auto\" srcset=\"http:\/\/fno.org.br\/wp-content\/uploads\/2026\/04\/WhatsApp-Image-2026-04-29-at-09.45.58-1-1024x768.jpeg 1024w, http:\/\/fno.org.br\/wp-content\/uploads\/2026\/04\/WhatsApp-Image-2026-04-29-at-09.45.58-1-300x225.jpeg 300w, http:\/\/fno.org.br\/wp-content\/uploads\/2026\/04\/WhatsApp-Image-2026-04-29-at-09.45.58-1-768x576.jpeg 768w, http:\/\/fno.org.br\/wp-content\/uploads\/2026\/04\/WhatsApp-Image-2026-04-29-at-09.45.58-1-195x146.jpeg 195w, http:\/\/fno.org.br\/wp-content\/uploads\/2026\/04\/WhatsApp-Image-2026-04-29-at-09.45.58-1-50x38.jpeg 50w, http:\/\/fno.org.br\/wp-content\/uploads\/2026\/04\/WhatsApp-Image-2026-04-29-at-09.45.58-1-100x75.jpeg 100w, http:\/\/fno.org.br\/wp-content\/uploads\/2026\/04\/WhatsApp-Image-2026-04-29-at-09.45.58-1-960x720.jpeg 960w, http:\/\/fno.org.br\/wp-content\/uploads\/2026\/04\/WhatsApp-Image-2026-04-29-at-09.45.58-1.jpeg 1280w\" sizes=\"(max-width: 1024px) 100vw, 1024px\" \/><\/figure>\n<\/div>\n\n\n<p>Segundo o presidente, o senador se comprometeu apresentar o Projeto de Lei na pr\u00f3xima quarta-feira (6\/5), desde que o mesmo texto seja entregue pelo relator.<\/p>\n\n\n\n<p>\u201cSeguimos acompanhando e mobilizando para que tenhamos \u00eaxito nessa conquista, que \u00e9 um direito dos profissionais da Odontologia\u201d, pontuou Warpechowski.<\/p>\n","protected":false},"excerpt":{"rendered":"<p>A reuni\u00e3o tratou do Projeto de Lei n\u00ba1365\/2022, que modifica o sal\u00e1rio-m\u00ednimo dos m\u00e9dicos e cirurgi\u00f5es-dentistas O presidente da FNO \u2013 Federa\u00e7\u00e3o Nacional do Odontologistas, David<span class=\"excerpt-hellip\"> [\u2026]<\/span><\/p>\n","protected":false},"author":2,"featured_media":426,"comment_status":"open","ping_status":"open","sticky":false,"template":"","format":"standard","meta":{"footnotes":""},"categories":[3,5,4],"tags":[],"class_list":["post-425","post","type-post","status-publish","format-standard","has-post-thumbnail","hentry","category-fno","category-institucional","category-sindicatos"],"_links":{"self":[{"href":"http:\/\/fno.org.br\/index.php?rest_route=\/wp\/v2\/posts\/425","targetHints":{"allow":["GET"]}}],"collection":[{"href":"http:\/\/fno.org.br\/index.php?rest_route=\/wp\/v2\/posts"}],"about":[{"href":"http:\/\/fno.org.br\/index.php?rest_route=\/wp\/v2\/types\/post"}],"author":[{"embeddable":true,"href":"http:\/\/fno.org.br\/index.php?rest_route=\/wp\/v2\/users\/2"}],"replies":[{"embeddable":true,"href":"http:\/\/fno.org.br\/index.php?rest_route=%2Fwp%2Fv2%2Fcomments&post=425"}],"version-history":[{"count":1,"href":"http:\/\/fno.org.br\/index.php?rest_route=\/wp\/v2\/posts\/425\/revisions"}],"predecessor-version":[{"id":427,"href":"http:\/\/fno.org.br\/index.php?rest_route=\/wp\/v2\/posts\/425\/revisions\/427"}],"wp:featuredmedia":[{"embeddable":true,"href":"http:\/\/fno.org.br\/index.php?rest_route=\/wp\/v2\/media\/426"}],"wp:attachment":[{"href":"http:\/\/fno.org.br\/index.php?rest_route=%2Fwp%2Fv2%2Fmedia&parent=425"}],"wp:term":[{"taxonomy":"category","embeddable":true,"href":"http:\/\/fno.org.br\/index.php?rest_route=%2Fwp%2Fv2%2Fcategories&post=425"},{"taxonomy":"post_tag","embeddable":true,"href":"http:\/\/fno.org.br\/index.php?rest_route=%2Fwp%2Fv2%2Ftags&post=425"}],"curies":[{"name":"wp","href":"https:\/\/api.w.org\/{rel}","templated":true}]}}