{"id":414,"date":"2026-04-29T15:33:14","date_gmt":"2026-04-29T15:33:14","guid":{"rendered":"https:\/\/fno.org.br\/?p=414"},"modified":"2026-04-29T15:33:16","modified_gmt":"2026-04-29T15:33:16","slug":"fno-pede-apoio-a-senadora-roberta-acioly-por-meio-de-manifesto-pela-soberania-da-odontologia","status":"publish","type":"post","link":"http:\/\/fno.org.br\/?p=414","title":{"rendered":"FNO pede apoio \u00e0 Senadora Roberta Acioly por meio de manifesto pela soberania da Odontologia"},"content":{"rendered":"\n<p><em>O manifesto foi protocolado no gabinete da Senadora Roberta Acioly, em Bras\u00edlia-DF<\/em><\/p>\n\n\n\n<p>O presidente da FNO \u2013 Federa\u00e7\u00e3o Nacional dos Odontologistas, David Chadid Warpechowski, protocolou um manifesto pela soberania da Odontologia como ci\u00eancia m\u00e9dica aut\u00f4noma e defesa das prerrogativas dos cirurgi\u00e3o-dentista, para a Senadora da Rep\u00fablica Roberta Acioly.<\/p>\n\n\n\n<p>De acordo com o presidente da FNO, o pleito tem o objetivo de ratifica\u00e7\u00e3o e defesa das prerrogativas m\u00e9dicas do Cirurgi\u00e3o-Dentista. \u201c\u00c9 necess\u00e1rio reafirmar que o Cirurgi\u00e3o-Dentista n\u00e3o \u00e9 apenas um profissional da sa\u00fade bucal, mas um profissional de car\u00e1ter m\u00e9dico aut\u00f4nomo que trata a sa\u00fade bucal, craniofacial e integral de seus pacientes, zelando pela vida dos mesmos. Por isso, estamos protocolando esse manifesto e contamos com o apoio da Senadora Roberta Acioly\u201d.<\/p>\n\n\n<div class=\"wp-block-image\">\n<figure class=\"alignleft size-large is-resized\"><img fetchpriority=\"high\" decoding=\"async\" width=\"1024\" height=\"808\" src=\"https:\/\/fno.org.br\/wp-content\/uploads\/2026\/04\/WhatsApp-Image-2026-04-29-at-11.24.38-1-1024x808.jpeg\" alt=\"\" class=\"wp-image-415\" style=\"aspect-ratio:1.2676255600094317;width:377px;height:auto\" srcset=\"http:\/\/fno.org.br\/wp-content\/uploads\/2026\/04\/WhatsApp-Image-2026-04-29-at-11.24.38-1-1024x808.jpeg 1024w, http:\/\/fno.org.br\/wp-content\/uploads\/2026\/04\/WhatsApp-Image-2026-04-29-at-11.24.38-1-300x237.jpeg 300w, http:\/\/fno.org.br\/wp-content\/uploads\/2026\/04\/WhatsApp-Image-2026-04-29-at-11.24.38-1-768x606.jpeg 768w, http:\/\/fno.org.br\/wp-content\/uploads\/2026\/04\/WhatsApp-Image-2026-04-29-at-11.24.38-1-185x146.jpeg 185w, http:\/\/fno.org.br\/wp-content\/uploads\/2026\/04\/WhatsApp-Image-2026-04-29-at-11.24.38-1-50x39.jpeg 50w, http:\/\/fno.org.br\/wp-content\/uploads\/2026\/04\/WhatsApp-Image-2026-04-29-at-11.24.38-1-95x75.jpeg 95w, http:\/\/fno.org.br\/wp-content\/uploads\/2026\/04\/WhatsApp-Image-2026-04-29-at-11.24.38-1.jpeg 1080w\" sizes=\"(max-width: 1024px) 100vw, 1024px\" \/><figcaption class=\"wp-element-caption\"><strong><em>Imagem de parte do documento protocolado<\/em><\/strong><\/figcaption><\/figure>\n<\/div>\n\n\n<p>Warpechowski enfocou que constantemente ocorrem as tentativas ilegais de cerceamento desse exerc\u00edcio. \u201cEspecialmente por parte de setores da dispensa\u00e7\u00e3o farmac\u00eautica, operadoras de sa\u00fade, laborat\u00f3rios particulares e a pr\u00f3pria medicina, que tentam limitar a prescri\u00e7\u00e3o e a solicita\u00e7\u00e3o de exames, interna\u00e7\u00e3o de pacientes, emiss\u00e3o de atestados, ferindo a seguran\u00e7a do paciente e o Princ\u00edpio da Autonomia Profissional\u201d.<\/p>\n\n\n\n<p>O presidente finalizou: \u201cA FNO quer o total apoio da Senadora e que ela lidere um movimento de conscientiza\u00e7\u00e3o e prote\u00e7\u00e3o legislativa, por meio de uma campanha em massa no parlamento, m\u00eddia e entidades da abrang\u00eancia e compet\u00eancias m\u00e9dicas aut\u00f4nomas da profiss\u00e3o\u201d.&nbsp;&nbsp;<\/p>\n\n\n\n<p><\/p>\n","protected":false},"excerpt":{"rendered":"<p>O manifesto foi protocolado no gabinete da Senadora Roberta Acioly, em Bras\u00edlia-DF O presidente da FNO \u2013 Federa\u00e7\u00e3o Nacional dos Odontologistas, David Chadid Warpechowski, protocolou um<span class=\"excerpt-hellip\"> [\u2026]<\/span><\/p>\n","protected":false},"author":2,"featured_media":415,"comment_status":"open","ping_status":"open","sticky":false,"template":"","format":"standard","meta":{"footnotes":""},"categories":[3,5,4],"tags":[],"class_list":["post-414","post","type-post","status-publish","format-standard","has-post-thumbnail","hentry","category-fno","category-institucional","category-sindicatos"],"_links":{"self":[{"href":"http:\/\/fno.org.br\/index.php?rest_route=\/wp\/v2\/posts\/414","targetHints":{"allow":["GET"]}}],"collection":[{"href":"http:\/\/fno.org.br\/index.php?rest_route=\/wp\/v2\/posts"}],"about":[{"href":"http:\/\/fno.org.br\/index.php?rest_route=\/wp\/v2\/types\/post"}],"author":[{"embeddable":true,"href":"http:\/\/fno.org.br\/index.php?rest_route=\/wp\/v2\/users\/2"}],"replies":[{"embeddable":true,"href":"http:\/\/fno.org.br\/index.php?rest_route=%2Fwp%2Fv2%2Fcomments&post=414"}],"version-history":[{"count":1,"href":"http:\/\/fno.org.br\/index.php?rest_route=\/wp\/v2\/posts\/414\/revisions"}],"predecessor-version":[{"id":416,"href":"http:\/\/fno.org.br\/index.php?rest_route=\/wp\/v2\/posts\/414\/revisions\/416"}],"wp:featuredmedia":[{"embeddable":true,"href":"http:\/\/fno.org.br\/index.php?rest_route=\/wp\/v2\/media\/415"}],"wp:attachment":[{"href":"http:\/\/fno.org.br\/index.php?rest_route=%2Fwp%2Fv2%2Fmedia&parent=414"}],"wp:term":[{"taxonomy":"category","embeddable":true,"href":"http:\/\/fno.org.br\/index.php?rest_route=%2Fwp%2Fv2%2Fcategories&post=414"},{"taxonomy":"post_tag","embeddable":true,"href":"http:\/\/fno.org.br\/index.php?rest_route=%2Fwp%2Fv2%2Ftags&post=414"}],"curies":[{"name":"wp","href":"https:\/\/api.w.org\/{rel}","templated":true}]}}