{"id":385,"date":"2026-04-06T13:33:28","date_gmt":"2026-04-06T13:33:28","guid":{"rendered":"https:\/\/fno.org.br\/?p=385"},"modified":"2026-04-06T13:33:30","modified_gmt":"2026-04-06T13:33:30","slug":"presidente-da-fno-pede-a-criacao-da-especialidade-de-anestesiologia-no-ambito-da-odontologia","status":"publish","type":"post","link":"http:\/\/fno.org.br\/?p=385","title":{"rendered":"Presidente da FNO pede a cria\u00e7\u00e3o da especialidade de anestesiologia no \u00e2mbito da Odontologia"},"content":{"rendered":"\n<p><em>A especialidade foi solicitada ao Conselho Federal de Odontologia<\/em><\/p>\n\n\n\n<p>O presidente da FNO \u2013 Federa\u00e7\u00e3o Nacional dos Odontologistas, David Chadid Warpechowski, encaminhou of\u00edcio ao CFO \u2013 Conselho Federal de Odontologia para solicitar a cria\u00e7\u00e3o da especialidade de anestesiologia no \u00e2mbito da Odontologia.<\/p>\n\n\n<div class=\"wp-block-image\">\n<figure class=\"alignleft size-large is-resized\"><img fetchpriority=\"high\" decoding=\"async\" width=\"1024\" height=\"600\" src=\"https:\/\/fno.org.br\/wp-content\/uploads\/2026\/04\/WhatsApp-Image-2026-04-06-at-09.29.04-1024x600.jpeg\" alt=\"\" class=\"wp-image-386\" style=\"width:278px;height:auto\" srcset=\"http:\/\/fno.org.br\/wp-content\/uploads\/2026\/04\/WhatsApp-Image-2026-04-06-at-09.29.04-1024x600.jpeg 1024w, http:\/\/fno.org.br\/wp-content\/uploads\/2026\/04\/WhatsApp-Image-2026-04-06-at-09.29.04-300x176.jpeg 300w, http:\/\/fno.org.br\/wp-content\/uploads\/2026\/04\/WhatsApp-Image-2026-04-06-at-09.29.04-768x450.jpeg 768w, http:\/\/fno.org.br\/wp-content\/uploads\/2026\/04\/WhatsApp-Image-2026-04-06-at-09.29.04-249x146.jpeg 249w, http:\/\/fno.org.br\/wp-content\/uploads\/2026\/04\/WhatsApp-Image-2026-04-06-at-09.29.04-50x29.jpeg 50w, http:\/\/fno.org.br\/wp-content\/uploads\/2026\/04\/WhatsApp-Image-2026-04-06-at-09.29.04-128x75.jpeg 128w, http:\/\/fno.org.br\/wp-content\/uploads\/2026\/04\/WhatsApp-Image-2026-04-06-at-09.29.04.jpeg 1080w\" sizes=\"(max-width: 1024px) 100vw, 1024px\" \/><figcaption class=\"wp-element-caption\"><em><strong>Imagem meramente ilustrativa<\/strong><\/em><\/figcaption><\/figure>\n<\/div>\n\n\n<p>A proposta de cria\u00e7\u00e3o da especialidade visa o fortalecimento t\u00e9cnico cient\u00edfico e de autonomia profissional e considera que, a Odontologia, enquanto ci\u00eancia de natureza m\u00e9dica aut\u00f4noma, historicamente consolidada e dotada de arcabou\u00e7o t\u00e9cnico pr\u00f3prio, possui relevante e indissoci\u00e1vel interface com a Anestesiologia, sendo esta uma das bases estruturantes para a realiza\u00e7\u00e3o segura de procedimentos cl\u00ednicos e cir\u00fargicos.<\/p>\n\n\n\n<p>De acordo com o presidente da FNO, diversos pa\u00edses, tais como Estados Unidos, Jap\u00e3o, China e na\u00e7\u00f5es europeias, j\u00e1 reconhecem a Anestesiologia Odontol\u00f3gica como especialidade estruturada, com forma\u00e7\u00e3o espec\u00edfica. \u201cTal realidade internacional demonstra a viabilidade t\u00e9cnica e a necessidade de institucionaliza\u00e7\u00e3o da especialidade, visando \u00e0 qualifica\u00e7\u00e3o profissional, seguran\u00e7a do paciente e evolu\u00e7\u00e3o cient\u00edfica da Odontologia brasileira\u201d, pontuou.<\/p>\n\n\n<div class=\"wp-block-image\">\n<figure class=\"alignright size-large is-resized\"><img decoding=\"async\" width=\"1024\" height=\"768\" src=\"https:\/\/fno.org.br\/wp-content\/uploads\/2026\/02\/WhatsApp-Image-2026-02-25-at-11.28.50-1024x768.jpeg\" alt=\"\" class=\"wp-image-347\" style=\"width:255px;height:auto\" srcset=\"http:\/\/fno.org.br\/wp-content\/uploads\/2026\/02\/WhatsApp-Image-2026-02-25-at-11.28.50-1024x768.jpeg 1024w, http:\/\/fno.org.br\/wp-content\/uploads\/2026\/02\/WhatsApp-Image-2026-02-25-at-11.28.50-300x225.jpeg 300w, http:\/\/fno.org.br\/wp-content\/uploads\/2026\/02\/WhatsApp-Image-2026-02-25-at-11.28.50-768x576.jpeg 768w, http:\/\/fno.org.br\/wp-content\/uploads\/2026\/02\/WhatsApp-Image-2026-02-25-at-11.28.50-195x146.jpeg 195w, http:\/\/fno.org.br\/wp-content\/uploads\/2026\/02\/WhatsApp-Image-2026-02-25-at-11.28.50-50x38.jpeg 50w, http:\/\/fno.org.br\/wp-content\/uploads\/2026\/02\/WhatsApp-Image-2026-02-25-at-11.28.50-100x75.jpeg 100w, http:\/\/fno.org.br\/wp-content\/uploads\/2026\/02\/WhatsApp-Image-2026-02-25-at-11.28.50-960x720.jpeg 960w, http:\/\/fno.org.br\/wp-content\/uploads\/2026\/02\/WhatsApp-Image-2026-02-25-at-11.28.50.jpeg 1080w\" sizes=\"(max-width: 1024px) 100vw, 1024px\" \/><figcaption class=\"wp-element-caption\"><strong><em>David Chadid Warpechowski, presidente FNO<\/em><\/strong><\/figcaption><\/figure>\n<\/div>\n\n\n<p>Para Warpechowski, a cria\u00e7\u00e3o da Anestesiologia como especialidade odontol\u00f3gica assegura a plena capacidade de atua\u00e7\u00e3o da Odontologia, evitando interfer\u00eancias indevidas e garantindo a continuidade e seguran\u00e7a dos cuidados prestados \u00e0 popula\u00e7\u00e3o. \u201cOs fatores s\u00e3o favor\u00e1veis e levam a padroniza\u00e7\u00e3o de forma\u00e7\u00e3o e qualifica\u00e7\u00e3o t\u00e9cnica, ao incremento da seguran\u00e7a assistencial e ao fortalecimento da autonomia profissional da categoria\u201d.<\/p>\n\n\n\n<p>\u201cO que estamos solicitando \u00e9 que seja realizada uma an\u00e1lise t\u00e9cnica e normativa da cria\u00e7\u00e3o da especialidade de Anestesiologia no \u00e2mbito do CFO. Al\u00e9m de uma reuni\u00e3o, em car\u00e1ter de urg\u00eancia, em formato presencial ou remoto, para a constru\u00e7\u00e3o conjunta de um plano de a\u00e7\u00e3o institucional voltado \u00e0 implementa\u00e7\u00e3o da referida especialidade seja trabalhado\u201d, finalizou o presidente da FNO.<\/p>\n\n\n\n<p><\/p>\n","protected":false},"excerpt":{"rendered":"<p>A especialidade foi solicitada ao Conselho Federal de Odontologia O presidente da FNO \u2013 Federa\u00e7\u00e3o Nacional dos Odontologistas, David Chadid Warpechowski, encaminhou of\u00edcio ao CFO \u2013<span class=\"excerpt-hellip\"> [\u2026]<\/span><\/p>\n","protected":false},"author":2,"featured_media":347,"comment_status":"open","ping_status":"open","sticky":false,"template":"","format":"standard","meta":{"footnotes":""},"categories":[3,4],"tags":[],"class_list":["post-385","post","type-post","status-publish","format-standard","has-post-thumbnail","hentry","category-fno","category-sindicatos"],"_links":{"self":[{"href":"http:\/\/fno.org.br\/index.php?rest_route=\/wp\/v2\/posts\/385","targetHints":{"allow":["GET"]}}],"collection":[{"href":"http:\/\/fno.org.br\/index.php?rest_route=\/wp\/v2\/posts"}],"about":[{"href":"http:\/\/fno.org.br\/index.php?rest_route=\/wp\/v2\/types\/post"}],"author":[{"embeddable":true,"href":"http:\/\/fno.org.br\/index.php?rest_route=\/wp\/v2\/users\/2"}],"replies":[{"embeddable":true,"href":"http:\/\/fno.org.br\/index.php?rest_route=%2Fwp%2Fv2%2Fcomments&post=385"}],"version-history":[{"count":1,"href":"http:\/\/fno.org.br\/index.php?rest_route=\/wp\/v2\/posts\/385\/revisions"}],"predecessor-version":[{"id":387,"href":"http:\/\/fno.org.br\/index.php?rest_route=\/wp\/v2\/posts\/385\/revisions\/387"}],"wp:featuredmedia":[{"embeddable":true,"href":"http:\/\/fno.org.br\/index.php?rest_route=\/wp\/v2\/media\/347"}],"wp:attachment":[{"href":"http:\/\/fno.org.br\/index.php?rest_route=%2Fwp%2Fv2%2Fmedia&parent=385"}],"wp:term":[{"taxonomy":"category","embeddable":true,"href":"http:\/\/fno.org.br\/index.php?rest_route=%2Fwp%2Fv2%2Fcategories&post=385"},{"taxonomy":"post_tag","embeddable":true,"href":"http:\/\/fno.org.br\/index.php?rest_route=%2Fwp%2Fv2%2Ftags&post=385"}],"curies":[{"name":"wp","href":"https:\/\/api.w.org\/{rel}","templated":true}]}}