{"id":379,"date":"2026-04-02T20:22:43","date_gmt":"2026-04-02T20:22:43","guid":{"rendered":"https:\/\/fno.org.br\/?p=379"},"modified":"2026-04-02T20:24:13","modified_gmt":"2026-04-02T20:24:13","slug":"fno-requer-a-legalidade-e-legitimidade-da-emissao-da-declaracao-de-obito-pelo-cirurgiao-dentista","status":"publish","type":"post","link":"http:\/\/fno.org.br\/?p=379","title":{"rendered":"FNO requer a legalidade e legitimidade da emiss\u00e3o da declara\u00e7\u00e3o de \u00f3bito pelo cirurgi\u00e3o-dentista"},"content":{"rendered":"\n<p>O presidente da FNO \u2013 Federa\u00e7\u00e3o Nacional dos Odontologistas, David Chadid Warpechowski, encaminhou ao CFO \u2013 Conselho Federal de Odontologia of\u00edcio expondo e requerendo a legalidade e legitimidade da emiss\u00e3o da declara\u00e7\u00e3o de \u00f3bito pelo cirurgi\u00e3o-dentista, especialmente no \u00e2mbito de sua atua\u00e7\u00e3o profissional.<\/p>\n\n\n\n<p>O pedido junto ao CFO segue o que preconiza a Lei Federal n\u00ba 5.081\/1966, que regula o exerc\u00edcio da Odontologia no Brasil, estabelece em seu artigo 6\u00ba, inciso III, que compete ao Cirurgi\u00e3o-Dentista <em>\u201catestar, no setor de sua atividade profissional, estados m\u00f3rbidos e outros, inclusive, para justifica\u00e7\u00e3o de faltas ao emprego\u201d.<\/em><\/p>\n\n\n<div class=\"wp-block-image\">\n<figure class=\"alignleft size-large is-resized\"><img fetchpriority=\"high\" decoding=\"async\" width=\"1024\" height=\"773\" src=\"https:\/\/fno.org.br\/wp-content\/uploads\/2026\/04\/WhatsApp-Image-2026-04-02-at-16.20.34-1-1024x773.jpeg\" alt=\"\" class=\"wp-image-382\" style=\"aspect-ratio:1.32472524764674;width:461px;height:auto\" srcset=\"http:\/\/fno.org.br\/wp-content\/uploads\/2026\/04\/WhatsApp-Image-2026-04-02-at-16.20.34-1-1024x773.jpeg 1024w, http:\/\/fno.org.br\/wp-content\/uploads\/2026\/04\/WhatsApp-Image-2026-04-02-at-16.20.34-1-300x226.jpeg 300w, http:\/\/fno.org.br\/wp-content\/uploads\/2026\/04\/WhatsApp-Image-2026-04-02-at-16.20.34-1-768x580.jpeg 768w, http:\/\/fno.org.br\/wp-content\/uploads\/2026\/04\/WhatsApp-Image-2026-04-02-at-16.20.34-1-193x146.jpeg 193w, http:\/\/fno.org.br\/wp-content\/uploads\/2026\/04\/WhatsApp-Image-2026-04-02-at-16.20.34-1-50x38.jpeg 50w, http:\/\/fno.org.br\/wp-content\/uploads\/2026\/04\/WhatsApp-Image-2026-04-02-at-16.20.34-1-99x75.jpeg 99w, http:\/\/fno.org.br\/wp-content\/uploads\/2026\/04\/WhatsApp-Image-2026-04-02-at-16.20.34-1.jpeg 1080w\" sizes=\"(max-width: 1024px) 100vw, 1024px\" \/><figcaption class=\"wp-element-caption\">Imagem meramente ilustrativa<\/figcaption><\/figure>\n<\/div>\n\n\n<p>O presidente da FNO explica que a express\u00e3o \u201ce outros\u201d, constante do dispositivo legal, amplia o escopo da atua\u00e7\u00e3o do profissional, permitindo interpreta\u00e7\u00e3o extensiva no sentido de abarcar a emiss\u00e3o de documentos decorrentes do exerc\u00edcio t\u00e9cnico-cient\u00edfico da Odontologia. \u201cIncluindo, por consequ\u00eancia l\u00f3gica e jur\u00eddica, a Declara\u00e7\u00e3o de \u00d3bito em situa\u00e7\u00f5es inerentes \u00e0 sua atua\u00e7\u00e3o profissional\u201d.<\/p>\n\n\n\n<p>No documento encaminhado ao CRO, a Federa\u00e7\u00e3o Nacional dos Odontologistas tamb\u00e9m refor\u00e7a que, ainda, sob a \u00f3tica estritamente jur\u00eddico-normativa, que a prerrogativa conferida pelo artigo 6\u00ba, inciso III, da Lei n\u00ba 5.081\/1966, ao autorizar o Cirurgi\u00e3o-Dentista a atestar estados m\u00f3rbidos, compreendidos como doen\u00e7as, afec\u00e7\u00f5es e patologias inseridas no \u00e2mbito de sua atua\u00e7\u00e3o profissional, implica, por interpreta\u00e7\u00e3o sistem\u00e1tica e teleol\u00f3gica da norma, a correspondente compet\u00eancia para atestar a aus\u00eancia desses mesmos estados, ou seja, condi\u00e7\u00f5es de higidez e aptid\u00e3o f\u00edsica. Tal entendimento decorre do princ\u00edpio da simetria l\u00f3gica do ato m\u00e9dico-odontol\u00f3gico certificador, segundo o qual quem det\u00e9m compet\u00eancia legal para diagnosticar e certificar a exist\u00eancia de determinado estado cl\u00ednico, igualmente possui legitimidade para certificar sua inexist\u00eancia, desde que observados os limites de sua forma\u00e7\u00e3o, capacita\u00e7\u00e3o t\u00e9cnica e \u00e1rea de atua\u00e7\u00e3o. \u201cAssim, profissionais com treinamento e experi\u00eancia espec\u00edficos, como os especialistas em Cirurgia e Traumatologia Bucomaxilofacial, no exerc\u00edcio regular de sua atividade e sob sua responsabilidade t\u00e9cnica, encontram-se plenamente aptos a emitir atestados de aptid\u00e3o e condi\u00e7\u00f5es de sa\u00fade, assumindo, para todos os fins legais, a responsabilidade pelo conte\u00fado e veracidade do documento emitido\u201d, esclareceu o presidente da FNO.<\/p>\n\n\n\n<p>Warpechowski tamb\u00e9m destacou que, ao reconhecer essa prerrogativa, o CRO estar\u00e1 fortalecendo a autonomia e valorizando a Odontologia. \u201cAl\u00e9m disso, incentiva a capacita\u00e7\u00e3o cont\u00ednua dos profissionais, inclusive em protocolos de emerg\u00eancia (como ATLS e ACLS), contribui para a efici\u00eancia do sistema de sa\u00fade, especialmente em contextos hospitalares e cir\u00fargicos e amplia a responsabilidade t\u00e9cnica e cient\u00edfica da categoria perante a sociedade\u201d.<\/p>\n\n\n\n<p>A Federa\u00e7\u00e3o Nacional dos Odontologistas aguarda o retorno do requerimento com a maior brevidade poss\u00edvel. \u201cEntendemos que \u00e9 de interesse de todos da odontologia, esse leg\u00edtimo pedido que estamos oficializando junto ao CRO\u201d.<\/p>\n","protected":false},"excerpt":{"rendered":"<p>O presidente da FNO \u2013 Federa\u00e7\u00e3o Nacional dos Odontologistas, David Chadid Warpechowski, encaminhou ao CFO \u2013 Conselho Federal de Odontologia of\u00edcio expondo e requerendo a legalidade<span class=\"excerpt-hellip\"> [\u2026]<\/span><\/p>\n","protected":false},"author":2,"featured_media":380,"comment_status":"open","ping_status":"open","sticky":false,"template":"","format":"standard","meta":{"footnotes":""},"categories":[3,4],"tags":[],"class_list":["post-379","post","type-post","status-publish","format-standard","has-post-thumbnail","hentry","category-fno","category-sindicatos"],"_links":{"self":[{"href":"http:\/\/fno.org.br\/index.php?rest_route=\/wp\/v2\/posts\/379","targetHints":{"allow":["GET"]}}],"collection":[{"href":"http:\/\/fno.org.br\/index.php?rest_route=\/wp\/v2\/posts"}],"about":[{"href":"http:\/\/fno.org.br\/index.php?rest_route=\/wp\/v2\/types\/post"}],"author":[{"embeddable":true,"href":"http:\/\/fno.org.br\/index.php?rest_route=\/wp\/v2\/users\/2"}],"replies":[{"embeddable":true,"href":"http:\/\/fno.org.br\/index.php?rest_route=%2Fwp%2Fv2%2Fcomments&post=379"}],"version-history":[{"count":2,"href":"http:\/\/fno.org.br\/index.php?rest_route=\/wp\/v2\/posts\/379\/revisions"}],"predecessor-version":[{"id":384,"href":"http:\/\/fno.org.br\/index.php?rest_route=\/wp\/v2\/posts\/379\/revisions\/384"}],"wp:featuredmedia":[{"embeddable":true,"href":"http:\/\/fno.org.br\/index.php?rest_route=\/wp\/v2\/media\/380"}],"wp:attachment":[{"href":"http:\/\/fno.org.br\/index.php?rest_route=%2Fwp%2Fv2%2Fmedia&parent=379"}],"wp:term":[{"taxonomy":"category","embeddable":true,"href":"http:\/\/fno.org.br\/index.php?rest_route=%2Fwp%2Fv2%2Fcategories&post=379"},{"taxonomy":"post_tag","embeddable":true,"href":"http:\/\/fno.org.br\/index.php?rest_route=%2Fwp%2Fv2%2Ftags&post=379"}],"curies":[{"name":"wp","href":"https:\/\/api.w.org\/{rel}","templated":true}]}}