{"id":375,"date":"2026-03-27T20:14:52","date_gmt":"2026-03-27T20:14:52","guid":{"rendered":"https:\/\/fno.org.br\/?p=375"},"modified":"2026-03-27T20:15:40","modified_gmt":"2026-03-27T20:15:40","slug":"fno-pede-revisao-urgente-da-resolucao-284-2026-junto-ao-cfo","status":"publish","type":"post","link":"http:\/\/fno.org.br\/?p=375","title":{"rendered":"FNO pede revis\u00e3o urgente da Resolu\u00e7\u00e3o 284\/2026 junto ao CFO"},"content":{"rendered":"\n<p><em>A Resolu\u00e7\u00e3o 284, de 19 de mar\u00e7o de 2026, que restringe a atua\u00e7\u00e3o do cirurgi\u00e3o-dentista no tratamento de neoplasias malignas<\/em><\/p>\n\n\n\n<p>A FNO \u2013 Federa\u00e7\u00e3o Nacional dos Odontologista, por meio de seu presidente David Chadid, protocolou of\u00edcio em que solicita ao CFO \u2013 Conselho Federal de Odontologia a revis\u00e3o da Resolu\u00e7\u00e3o 284, de 19 de mar\u00e7o de 2026, que restringe a atua\u00e7\u00e3o do cirurgi\u00e3o-dentista no tratamento de neoplasias malignas.<\/p>\n\n\n\n<p>O documento encaminhado ao presidente do CFO, Jairo Santos Oliveira, manifesta profunda preocupa\u00e7\u00e3o e irresigna\u00e7\u00e3o quanto \u00e0 edi\u00e7\u00e3o de norma por parte do Conselho, que estabelece veda\u00e7\u00e3o expressa na atua\u00e7\u00e3o do Cirurgi\u00e3o-Dentista, especialista em Cirurgia e Traumatologia Bucomaxilofacial, para tratamento cl\u00ednico e cir\u00fargico das neoplasias malignas.<\/p>\n\n\n<div class=\"wp-block-image\">\n<figure class=\"alignleft size-large is-resized\"><img fetchpriority=\"high\" decoding=\"async\" width=\"1024\" height=\"891\" src=\"https:\/\/fno.org.br\/wp-content\/uploads\/2026\/03\/WhatsApp-Image-2026-03-27-at-16.13.11-1024x891.jpeg\" alt=\"\" class=\"wp-image-376\" style=\"aspect-ratio:1.148938898506123;width:304px;height:auto\" srcset=\"http:\/\/fno.org.br\/wp-content\/uploads\/2026\/03\/WhatsApp-Image-2026-03-27-at-16.13.11-1024x891.jpeg 1024w, http:\/\/fno.org.br\/wp-content\/uploads\/2026\/03\/WhatsApp-Image-2026-03-27-at-16.13.11-300x261.jpeg 300w, http:\/\/fno.org.br\/wp-content\/uploads\/2026\/03\/WhatsApp-Image-2026-03-27-at-16.13.11-768x668.jpeg 768w, http:\/\/fno.org.br\/wp-content\/uploads\/2026\/03\/WhatsApp-Image-2026-03-27-at-16.13.11-168x146.jpeg 168w, http:\/\/fno.org.br\/wp-content\/uploads\/2026\/03\/WhatsApp-Image-2026-03-27-at-16.13.11-50x44.jpeg 50w, http:\/\/fno.org.br\/wp-content\/uploads\/2026\/03\/WhatsApp-Image-2026-03-27-at-16.13.11-86x75.jpeg 86w, http:\/\/fno.org.br\/wp-content\/uploads\/2026\/03\/WhatsApp-Image-2026-03-27-at-16.13.11.jpeg 1080w\" sizes=\"(max-width: 1024px) 100vw, 1024px\" \/><figcaption class=\"wp-element-caption\">Imagem ilustrativa<\/figcaption><\/figure>\n<\/div>\n\n\n<p>De acordo com o presidente da FNO, David Chadid Warpechowski, a Lei Federal 5081\/66 garante a autonomia do profissional cirurgi\u00e3o-dentista ao executar qualquer ato dentro da sua \u00e1rea de atua\u00e7\u00e3o. \u201c\u00c9 com base legal que estamos fazendo tal solicita\u00e7\u00e3o junto ao CFO, para manter a autonomia do profissional e garantir que ele continue atuando no tratamento cl\u00ednico e cir\u00fargico das neoplasias malignas. Queremos apenas que seja efetuada a revis\u00e3o da referida resolu\u00e7\u00e3o\u201d.<\/p>\n\n\n\n<p>O presidente da FNO frisou que a atua\u00e7\u00e3o do Cirurgi\u00e3o-Dentista especialista em Cirurgia e Traumatologia Bucomaxilofacial no tratamento de neoplasias malignas se d\u00e1, como em todo o mundo, de forma integrada em equipes multiprofissionais. \u201cN\u00e3o h\u00e1 qualquer incompatibilidade com outras especialidades da \u00e1rea da sa\u00fade, mas sim complementaridade assistencial em benef\u00edcio do paciente\u201d.<\/p>\n\n\n\n<p>Al\u00e9m disso, vale ressaltar que em todos os pa\u00edses o cirurgi\u00e3o-dentista atua nas neoplasias malignas, de cabe\u00e7a e pesco\u00e7o. Assim, \u00e9 fundamental que a resolu\u00e7\u00e3o seja revisada urgentemente, de forma que os profissionais brasileiros n\u00e3o fiquem em desvantagens, em rela\u00e7\u00e3o aos cirurgi\u00f5es bucomaxilofaciais do mundo. \u201cO Brasil \u00e9 uma das melhores odontologias do mundo, ent\u00e3o a cirurgia bucomaxilofacial n\u00e3o pode ser diminuta\u201d.<\/p>\n\n\n\n<p>E finalizou: \u201cEstamos certos em poder contar com o Conselho Federal de Odontologia para que a revis\u00e3o da resolu\u00e7\u00e3o aconte\u00e7a e sigamos juntos trabalhando pela valoriza\u00e7\u00e3o da Odontologia, em todo o Brasil\u201d.<\/p>\n","protected":false},"excerpt":{"rendered":"<p>A Resolu\u00e7\u00e3o 284, de 19 de mar\u00e7o de 2026, que restringe a atua\u00e7\u00e3o do cirurgi\u00e3o-dentista no tratamento de neoplasias malignas A FNO \u2013 Federa\u00e7\u00e3o Nacional dos<span class=\"excerpt-hellip\"> [\u2026]<\/span><\/p>\n","protected":false},"author":2,"featured_media":376,"comment_status":"open","ping_status":"open","sticky":false,"template":"","format":"standard","meta":{"footnotes":""},"categories":[3,4,1],"tags":[],"class_list":["post-375","post","type-post","status-publish","format-standard","has-post-thumbnail","hentry","category-fno","category-sindicatos","category-uncategorized"],"_links":{"self":[{"href":"http:\/\/fno.org.br\/index.php?rest_route=\/wp\/v2\/posts\/375","targetHints":{"allow":["GET"]}}],"collection":[{"href":"http:\/\/fno.org.br\/index.php?rest_route=\/wp\/v2\/posts"}],"about":[{"href":"http:\/\/fno.org.br\/index.php?rest_route=\/wp\/v2\/types\/post"}],"author":[{"embeddable":true,"href":"http:\/\/fno.org.br\/index.php?rest_route=\/wp\/v2\/users\/2"}],"replies":[{"embeddable":true,"href":"http:\/\/fno.org.br\/index.php?rest_route=%2Fwp%2Fv2%2Fcomments&post=375"}],"version-history":[{"count":1,"href":"http:\/\/fno.org.br\/index.php?rest_route=\/wp\/v2\/posts\/375\/revisions"}],"predecessor-version":[{"id":377,"href":"http:\/\/fno.org.br\/index.php?rest_route=\/wp\/v2\/posts\/375\/revisions\/377"}],"wp:featuredmedia":[{"embeddable":true,"href":"http:\/\/fno.org.br\/index.php?rest_route=\/wp\/v2\/media\/376"}],"wp:attachment":[{"href":"http:\/\/fno.org.br\/index.php?rest_route=%2Fwp%2Fv2%2Fmedia&parent=375"}],"wp:term":[{"taxonomy":"category","embeddable":true,"href":"http:\/\/fno.org.br\/index.php?rest_route=%2Fwp%2Fv2%2Fcategories&post=375"},{"taxonomy":"post_tag","embeddable":true,"href":"http:\/\/fno.org.br\/index.php?rest_route=%2Fwp%2Fv2%2Ftags&post=375"}],"curies":[{"name":"wp","href":"https:\/\/api.w.org\/{rel}","templated":true}]}}