{"id":358,"date":"2026-03-16T13:23:02","date_gmt":"2026-03-16T13:23:02","guid":{"rendered":"https:\/\/fno.org.br\/?p=358"},"modified":"2026-03-23T16:03:41","modified_gmt":"2026-03-23T16:03:41","slug":"com-apoio-da-fno-cirurgioes-dentistas-de-campo-grande-conquistam-reposicionamento-do-pccr","status":"publish","type":"post","link":"http:\/\/fno.org.br\/?p=358","title":{"rendered":"Com apoio da FNO, cirurgi\u00f5es-dentistas de Campo Grande conquistam reposicionamento do PCCR"},"content":{"rendered":"\n<p>A FNO \u2013 Federa\u00e7\u00e3o Nacional dos Dentistas apoiou a mobiliza\u00e7\u00e3o realizada pelo SIOMS \u2013 Sindicato dos Odontologistas de Mato Grosso do Sul em prol do reposicionamento do plano de cargos e carreira para os cirurgi\u00f5es-dentistas campo-grandenses que atuam na rede p\u00fablica municipal e que foi atendida pela Prefeitura daquela cidade na \u00faltima segunda-feira (9).<\/p>\n\n\n\n<p>O presidente da FNO, David Warpechowski, explicou a import\u00e2ncia dessa conquista. \u201cA Prefeitura de Campo Grande n\u00e3o fez o reposicionamento do PCCR, conforme determina a lei, causando preju\u00edzos financeiros e profissionais aos cirurgi\u00f5es-dentistas. E o Sindicato, com apoio da Federa\u00e7\u00e3o, buscou reparar esse erro grave, indo \u00e0 justi\u00e7a, inclusivo no STJ, mobilizando os profissionais para pressionar e mostrando \u00e0 sociedade, por meio de outdoors que a Prefeita da Capital Sul-mato-grossense n\u00e3o estava atendendo \u00e0 determina\u00e7\u00e3o judicial. Por isso, essa publica\u00e7\u00e3o \u00e9 uma vit\u00f3ria, resultados da nossa luta, que mostra que a for\u00e7a da nossa categoria\u201d.<\/p>\n\n\n\n<p>A Prefeitura publicou o reposicionamento para os cirurgi\u00f5es-dentistas 20h e 40h, tanto 2\u00aa classe, quanto 1\u00aa classe, que tenham sido efetivados no munic\u00edpio at\u00e9 30 de junho de 2020. De acordo com a publica\u00e7\u00e3o, os reposicionamentos passar\u00e3o a valer em maio, e em junho todos que foram reposicionados para 2\u00aa classe receber\u00e3o os valores devidos. J\u00e1 em rela\u00e7\u00e3o \u00e0 1\u00aa classe, David informa que haver\u00e1 parcelamentos, com parte em maio e outra parte em janeiro. Ele refor\u00e7a que todos da 1\u00aa classe que ficaram para janeiro receber\u00e3o os valores referentes \u00e0 2\u00aa classe em maio.<\/p>\n\n\n\n<p>A publica\u00e7\u00e3o integral dos reposicionamentos garantiu tamb\u00e9m o cumprimento da nova tabela do PCCR. Ficou estabelecido ainda que as a\u00e7\u00f5es individuais para o reposicionamento ser\u00e3o encerradas, sem preju\u00edzo para o munic\u00edpio, ou para os profissionais e o pagamento das custas destas ser\u00e1 feito pelo Sindicato.<\/p>\n","protected":false},"excerpt":{"rendered":"<p>A FNO \u2013 Federa\u00e7\u00e3o Nacional dos Dentistas apoiou a mobiliza\u00e7\u00e3o realizada pelo SIOMS \u2013 Sindicato dos Odontologistas de Mato Grosso do Sul em prol do reposicionamento<span class=\"excerpt-hellip\"> [\u2026]<\/span><\/p>\n","protected":false},"author":2,"featured_media":359,"comment_status":"open","ping_status":"open","sticky":false,"template":"","format":"standard","meta":{"footnotes":""},"categories":[4],"tags":[],"class_list":["post-358","post","type-post","status-publish","format-standard","has-post-thumbnail","hentry","category-sindicatos"],"_links":{"self":[{"href":"http:\/\/fno.org.br\/index.php?rest_route=\/wp\/v2\/posts\/358","targetHints":{"allow":["GET"]}}],"collection":[{"href":"http:\/\/fno.org.br\/index.php?rest_route=\/wp\/v2\/posts"}],"about":[{"href":"http:\/\/fno.org.br\/index.php?rest_route=\/wp\/v2\/types\/post"}],"author":[{"embeddable":true,"href":"http:\/\/fno.org.br\/index.php?rest_route=\/wp\/v2\/users\/2"}],"replies":[{"embeddable":true,"href":"http:\/\/fno.org.br\/index.php?rest_route=%2Fwp%2Fv2%2Fcomments&post=358"}],"version-history":[{"count":1,"href":"http:\/\/fno.org.br\/index.php?rest_route=\/wp\/v2\/posts\/358\/revisions"}],"predecessor-version":[{"id":360,"href":"http:\/\/fno.org.br\/index.php?rest_route=\/wp\/v2\/posts\/358\/revisions\/360"}],"wp:featuredmedia":[{"embeddable":true,"href":"http:\/\/fno.org.br\/index.php?rest_route=\/wp\/v2\/media\/359"}],"wp:attachment":[{"href":"http:\/\/fno.org.br\/index.php?rest_route=%2Fwp%2Fv2%2Fmedia&parent=358"}],"wp:term":[{"taxonomy":"category","embeddable":true,"href":"http:\/\/fno.org.br\/index.php?rest_route=%2Fwp%2Fv2%2Fcategories&post=358"},{"taxonomy":"post_tag","embeddable":true,"href":"http:\/\/fno.org.br\/index.php?rest_route=%2Fwp%2Fv2%2Ftags&post=358"}],"curies":[{"name":"wp","href":"https:\/\/api.w.org\/{rel}","templated":true}]}}